{"id":17556,"date":"2025-01-22T12:58:56","date_gmt":"2025-01-22T11:58:56","guid":{"rendered":"https:\/\/aitsc.de\/blog\/?p=17556"},"modified":"2025-01-22T13:07:47","modified_gmt":"2025-01-22T12:07:47","slug":"1st-msft-speaker-slot-2025","status":"publish","type":"post","link":"https:\/\/aitsc.de\/blog\/1st-msft-speaker-slot-2025\/","title":{"rendered":"1st MSFT Speaker slot in 2025"},"content":{"rendered":"\n<p>Ich freue mich bei den Teams Community Days Januar 2025 in N\u00fcrnberg bei Intellity als Sprecher dabei zu sein. Ich werde allerdings leider nicht vor Ort sein k\u00f6nnen und meine Session remote halten. <\/p>\n","protected":false},"excerpt":{"rendered":"<p>Ich freue mich bei den Teams Community Days Januar 2025 in N\u00fcrnberg bei Intellity als Sprecher dabei zu sein. Ich werde allerdings leider nicht vor Ort sein k\u00f6nnen und meine Session remote halten.<\/p>\n","protected":false},"author":1,"featured_media":17557,"comment_status":"open","ping_status":"open","sticky":false,"template":"","format":"standard","meta":{"ngg_post_thumbnail":0,"_jetpack_memberships_contains_paid_content":false,"footnotes":"","jetpack_publicize_message":"","jetpack_publicize_feature_enabled":true,"jetpack_social_post_already_shared":true,"jetpack_social_options":{"image_generator_settings":{"template":"highway","default_image_id":0,"font":"","enabled":false},"version":2}},"categories":[667],"tags":[],"class_list":["post-17556","post","type-post","status-publish","format-standard","has-post-thumbnail","hentry","category-events-and-speaker-sessions"],"yoast_head":"<!-- This site is optimized with the Yoast SEO plugin v27.4 - https:\/\/yoast.com\/product\/yoast-seo-wordpress\/ -->\n<title>1st MSFT Speaker slot in 2025 1st MSFT Speaker slot in 2025 - Uwe Ansmann<\/title>\n<meta name=\"robots\" content=\"index, follow, max-snippet:-1, max-image-preview:large, max-video-preview:-1\" \/>\n<link rel=\"canonical\" href=\"https:\/\/aitsc.de\/blog\/1st-msft-speaker-slot-2025\/\" \/>\n<meta property=\"og:locale\" content=\"de_DE\" \/>\n<meta property=\"og:type\" content=\"article\" \/>\n<meta property=\"og:title\" content=\"1st MSFT Speaker slot in 2025 1st MSFT Speaker slot in 2025 - Uwe Ansmann\" \/>\n<meta property=\"og:description\" content=\"Ich freue mich bei den Teams Community Days Januar 2025 in N\u00fcrnberg bei Intellity als Sprecher dabei zu sein. Ich werde allerdings leider nicht vor Ort sein k\u00f6nnen und meine Session remote halten.\" \/>\n<meta property=\"og:url\" content=\"https:\/\/aitsc.de\/blog\/1st-msft-speaker-slot-2025\/\" \/>\n<meta property=\"og:site_name\" content=\"Uwe Ansmann\" \/>\n<meta property=\"article:publisher\" content=\"https:\/\/www.facebook.com\/uwe.ansmann\" \/>\n<meta property=\"article:author\" content=\"https:\/\/www.facebook.com\/uwe.ansmann\" \/>\n<meta property=\"article:published_time\" content=\"2025-01-22T11:58:56+00:00\" \/>\n<meta property=\"article:modified_time\" content=\"2025-01-22T12:07:47+00:00\" \/>\n<meta property=\"og:image\" content=\"https:\/\/aitsc.de\/blog\/wp-content\/uploads\/2025\/01\/image-9.png\" \/>\n\t<meta property=\"og:image:width\" content=\"1075\" \/>\n\t<meta property=\"og:image:height\" content=\"870\" \/>\n\t<meta property=\"og:image:type\" content=\"image\/png\" \/>\n<meta name=\"author\" content=\"Uwe Ansmann\" \/>\n<meta name=\"twitter:card\" content=\"summary_large_image\" \/>\n<meta name=\"twitter:creator\" content=\"@UweAnsmann\" \/>\n<meta name=\"twitter:site\" content=\"@UweAnsmann\" \/>\n<meta name=\"twitter:label1\" content=\"Verfasst von\" \/>\n\t<meta name=\"twitter:data1\" content=\"Uwe Ansmann\" \/>\n\t<meta name=\"twitter:label2\" content=\"Gesch\u00e4tzte Lesezeit\" \/>\n\t<meta name=\"twitter:data2\" content=\"1\u00a0Minute\" \/>\n<script type=\"application\/ld+json\" class=\"yoast-schema-graph\">{\"@context\":\"https:\\\/\\\/schema.org\",\"@graph\":[{\"@type\":\"Article\",\"@id\":\"https:\\\/\\\/aitsc.de\\\/blog\\\/1st-msft-speaker-slot-2025\\\/#article\",\"isPartOf\":{\"@id\":\"https:\\\/\\\/aitsc.de\\\/blog\\\/1st-msft-speaker-slot-2025\\\/\"},\"author\":{\"name\":\"Uwe Ansmann\",\"@id\":\"https:\\\/\\\/aitsc.de\\\/blog\\\/#\\\/schema\\\/person\\\/b2eaf54df5661575ee3a6a1648591728\"},\"headline\":\"1st MSFT Speaker slot in 2025\",\"datePublished\":\"2025-01-22T11:58:56+00:00\",\"dateModified\":\"2025-01-22T12:07:47+00:00\",\"mainEntityOfPage\":{\"@id\":\"https:\\\/\\\/aitsc.de\\\/blog\\\/1st-msft-speaker-slot-2025\\\/\"},\"wordCount\":39,\"commentCount\":0,\"publisher\":{\"@id\":\"https:\\\/\\\/aitsc.de\\\/blog\\\/#\\\/schema\\\/person\\\/b2eaf54df5661575ee3a6a1648591728\"},\"image\":{\"@id\":\"https:\\\/\\\/aitsc.de\\\/blog\\\/1st-msft-speaker-slot-2025\\\/#primaryimage\"},\"thumbnailUrl\":\"https:\\\/\\\/aitsc.de\\\/blog\\\/wp-content\\\/uploads\\\/2025\\\/01\\\/image-9.png\",\"articleSection\":[\"Events and Speaker Sessions\"],\"inLanguage\":\"de\",\"potentialAction\":[{\"@type\":\"CommentAction\",\"name\":\"Comment\",\"target\":[\"https:\\\/\\\/aitsc.de\\\/blog\\\/1st-msft-speaker-slot-2025\\\/#respond\"]}]},{\"@type\":\"WebPage\",\"@id\":\"https:\\\/\\\/aitsc.de\\\/blog\\\/1st-msft-speaker-slot-2025\\\/\",\"url\":\"https:\\\/\\\/aitsc.de\\\/blog\\\/1st-msft-speaker-slot-2025\\\/\",\"name\":\"1st MSFT Speaker slot in 2025 1st MSFT Speaker slot in 2025 - Uwe Ansmann\",\"isPartOf\":{\"@id\":\"https:\\\/\\\/aitsc.de\\\/blog\\\/#website\"},\"primaryImageOfPage\":{\"@id\":\"https:\\\/\\\/aitsc.de\\\/blog\\\/1st-msft-speaker-slot-2025\\\/#primaryimage\"},\"image\":{\"@id\":\"https:\\\/\\\/aitsc.de\\\/blog\\\/1st-msft-speaker-slot-2025\\\/#primaryimage\"},\"thumbnailUrl\":\"https:\\\/\\\/aitsc.de\\\/blog\\\/wp-content\\\/uploads\\\/2025\\\/01\\\/image-9.png\",\"datePublished\":\"2025-01-22T11:58:56+00:00\",\"dateModified\":\"2025-01-22T12:07:47+00:00\",\"breadcrumb\":{\"@id\":\"https:\\\/\\\/aitsc.de\\\/blog\\\/1st-msft-speaker-slot-2025\\\/#breadcrumb\"},\"inLanguage\":\"de\",\"potentialAction\":[{\"@type\":\"ReadAction\",\"target\":[\"https:\\\/\\\/aitsc.de\\\/blog\\\/1st-msft-speaker-slot-2025\\\/\"]}]},{\"@type\":\"ImageObject\",\"inLanguage\":\"de\",\"@id\":\"https:\\\/\\\/aitsc.de\\\/blog\\\/1st-msft-speaker-slot-2025\\\/#primaryimage\",\"url\":\"https:\\\/\\\/aitsc.de\\\/blog\\\/wp-content\\\/uploads\\\/2025\\\/01\\\/image-9.png\",\"contentUrl\":\"https:\\\/\\\/aitsc.de\\\/blog\\\/wp-content\\\/uploads\\\/2025\\\/01\\\/image-9.png\",\"width\":1075,\"height\":870},{\"@type\":\"BreadcrumbList\",\"@id\":\"https:\\\/\\\/aitsc.de\\\/blog\\\/1st-msft-speaker-slot-2025\\\/#breadcrumb\",\"itemListElement\":[{\"@type\":\"ListItem\",\"position\":1,\"name\":\"Startseite\",\"item\":\"https:\\\/\\\/aitsc.de\\\/blog\\\/\"},{\"@type\":\"ListItem\",\"position\":2,\"name\":\"1st MSFT Speaker slot in 2025\"}]},{\"@type\":\"WebSite\",\"@id\":\"https:\\\/\\\/aitsc.de\\\/blog\\\/#website\",\"url\":\"https:\\\/\\\/aitsc.de\\\/blog\\\/\",\"name\":\"Uwe Ansmann\",\"description\":\"Pers\u00f6nlicher Tech Blog &amp; Web-Zuhause\",\"publisher\":{\"@id\":\"https:\\\/\\\/aitsc.de\\\/blog\\\/#\\\/schema\\\/person\\\/b2eaf54df5661575ee3a6a1648591728\"},\"potentialAction\":[{\"@type\":\"SearchAction\",\"target\":{\"@type\":\"EntryPoint\",\"urlTemplate\":\"https:\\\/\\\/aitsc.de\\\/blog\\\/?s={search_term_string}\"},\"query-input\":{\"@type\":\"PropertyValueSpecification\",\"valueRequired\":true,\"valueName\":\"search_term_string\"}}],\"inLanguage\":\"de\"},{\"@type\":[\"Person\",\"Organization\"],\"@id\":\"https:\\\/\\\/aitsc.de\\\/blog\\\/#\\\/schema\\\/person\\\/b2eaf54df5661575ee3a6a1648591728\",\"name\":\"Uwe Ansmann\",\"image\":{\"@type\":\"ImageObject\",\"inLanguage\":\"de\",\"@id\":\"https:\\\/\\\/aitsc.de\\\/blog\\\/wp-content\\\/uploads\\\/2023\\\/06\\\/cropped-new1686764432721.png\",\"url\":\"https:\\\/\\\/aitsc.de\\\/blog\\\/wp-content\\\/uploads\\\/2023\\\/06\\\/cropped-new1686764432721.png\",\"contentUrl\":\"https:\\\/\\\/aitsc.de\\\/blog\\\/wp-content\\\/uploads\\\/2023\\\/06\\\/cropped-new1686764432721.png\",\"width\":250,\"height\":250,\"caption\":\"Uwe Ansmann\"},\"logo\":{\"@id\":\"https:\\\/\\\/aitsc.de\\\/blog\\\/wp-content\\\/uploads\\\/2023\\\/06\\\/cropped-new1686764432721.png\"},\"sameAs\":[\"http:s\\\/\\\/www.aitsc.de\\\/blog\",\"https:\\\/\\\/www.facebook.com\\\/uwe.ansmann\",\"https:\\\/\\\/www.instagram.com\\\/uansmann\\\/?hl=de\",\"https:\\\/\\\/www.linkedin.com\\\/in\\\/uweansmann\\\/\",\"https:\\\/\\\/x.com\\\/UweAnsmann\",\"https:\\\/\\\/www.youtube.com\\\/channel\\\/UC0kmi7VFQi3uSQ-GilFFHYQ\"]}]}<\/script>\n<!-- \/ Yoast SEO plugin. -->","yoast_head_json":{"title":"1st MSFT Speaker slot in 2025 1st MSFT Speaker slot in 2025 - Uwe Ansmann","robots":{"index":"index","follow":"follow","max-snippet":"max-snippet:-1","max-image-preview":"max-image-preview:large","max-video-preview":"max-video-preview:-1"},"canonical":"https:\/\/aitsc.de\/blog\/1st-msft-speaker-slot-2025\/","og_locale":"de_DE","og_type":"article","og_title":"1st MSFT Speaker slot in 2025 1st MSFT Speaker slot in 2025 - Uwe Ansmann","og_description":"Ich freue mich bei den Teams Community Days Januar 2025 in N\u00fcrnberg bei Intellity als Sprecher dabei zu sein. Ich werde allerdings leider nicht vor Ort sein k\u00f6nnen und meine Session remote halten.","og_url":"https:\/\/aitsc.de\/blog\/1st-msft-speaker-slot-2025\/","og_site_name":"Uwe Ansmann","article_publisher":"https:\/\/www.facebook.com\/uwe.ansmann","article_author":"https:\/\/www.facebook.com\/uwe.ansmann","article_published_time":"2025-01-22T11:58:56+00:00","article_modified_time":"2025-01-22T12:07:47+00:00","og_image":[{"width":1075,"height":870,"url":"https:\/\/aitsc.de\/blog\/wp-content\/uploads\/2025\/01\/image-9.png","type":"image\/png"}],"author":"Uwe Ansmann","twitter_card":"summary_large_image","twitter_creator":"@UweAnsmann","twitter_site":"@UweAnsmann","twitter_misc":{"Verfasst von":"Uwe Ansmann","Gesch\u00e4tzte Lesezeit":"1\u00a0Minute"},"schema":{"@context":"https:\/\/schema.org","@graph":[{"@type":"Article","@id":"https:\/\/aitsc.de\/blog\/1st-msft-speaker-slot-2025\/#article","isPartOf":{"@id":"https:\/\/aitsc.de\/blog\/1st-msft-speaker-slot-2025\/"},"author":{"name":"Uwe Ansmann","@id":"https:\/\/aitsc.de\/blog\/#\/schema\/person\/b2eaf54df5661575ee3a6a1648591728"},"headline":"1st MSFT Speaker slot in 2025","datePublished":"2025-01-22T11:58:56+00:00","dateModified":"2025-01-22T12:07:47+00:00","mainEntityOfPage":{"@id":"https:\/\/aitsc.de\/blog\/1st-msft-speaker-slot-2025\/"},"wordCount":39,"commentCount":0,"publisher":{"@id":"https:\/\/aitsc.de\/blog\/#\/schema\/person\/b2eaf54df5661575ee3a6a1648591728"},"image":{"@id":"https:\/\/aitsc.de\/blog\/1st-msft-speaker-slot-2025\/#primaryimage"},"thumbnailUrl":"https:\/\/aitsc.de\/blog\/wp-content\/uploads\/2025\/01\/image-9.png","articleSection":["Events and Speaker Sessions"],"inLanguage":"de","potentialAction":[{"@type":"CommentAction","name":"Comment","target":["https:\/\/aitsc.de\/blog\/1st-msft-speaker-slot-2025\/#respond"]}]},{"@type":"WebPage","@id":"https:\/\/aitsc.de\/blog\/1st-msft-speaker-slot-2025\/","url":"https:\/\/aitsc.de\/blog\/1st-msft-speaker-slot-2025\/","name":"1st MSFT Speaker slot in 2025 1st MSFT Speaker slot in 2025 - Uwe Ansmann","isPartOf":{"@id":"https:\/\/aitsc.de\/blog\/#website"},"primaryImageOfPage":{"@id":"https:\/\/aitsc.de\/blog\/1st-msft-speaker-slot-2025\/#primaryimage"},"image":{"@id":"https:\/\/aitsc.de\/blog\/1st-msft-speaker-slot-2025\/#primaryimage"},"thumbnailUrl":"https:\/\/aitsc.de\/blog\/wp-content\/uploads\/2025\/01\/image-9.png","datePublished":"2025-01-22T11:58:56+00:00","dateModified":"2025-01-22T12:07:47+00:00","breadcrumb":{"@id":"https:\/\/aitsc.de\/blog\/1st-msft-speaker-slot-2025\/#breadcrumb"},"inLanguage":"de","potentialAction":[{"@type":"ReadAction","target":["https:\/\/aitsc.de\/blog\/1st-msft-speaker-slot-2025\/"]}]},{"@type":"ImageObject","inLanguage":"de","@id":"https:\/\/aitsc.de\/blog\/1st-msft-speaker-slot-2025\/#primaryimage","url":"https:\/\/aitsc.de\/blog\/wp-content\/uploads\/2025\/01\/image-9.png","contentUrl":"https:\/\/aitsc.de\/blog\/wp-content\/uploads\/2025\/01\/image-9.png","width":1075,"height":870},{"@type":"BreadcrumbList","@id":"https:\/\/aitsc.de\/blog\/1st-msft-speaker-slot-2025\/#breadcrumb","itemListElement":[{"@type":"ListItem","position":1,"name":"Startseite","item":"https:\/\/aitsc.de\/blog\/"},{"@type":"ListItem","position":2,"name":"1st MSFT Speaker slot in 2025"}]},{"@type":"WebSite","@id":"https:\/\/aitsc.de\/blog\/#website","url":"https:\/\/aitsc.de\/blog\/","name":"Uwe Ansmann","description":"Pers\u00f6nlicher Tech Blog &amp; Web-Zuhause","publisher":{"@id":"https:\/\/aitsc.de\/blog\/#\/schema\/person\/b2eaf54df5661575ee3a6a1648591728"},"potentialAction":[{"@type":"SearchAction","target":{"@type":"EntryPoint","urlTemplate":"https:\/\/aitsc.de\/blog\/?s={search_term_string}"},"query-input":{"@type":"PropertyValueSpecification","valueRequired":true,"valueName":"search_term_string"}}],"inLanguage":"de"},{"@type":["Person","Organization"],"@id":"https:\/\/aitsc.de\/blog\/#\/schema\/person\/b2eaf54df5661575ee3a6a1648591728","name":"Uwe Ansmann","image":{"@type":"ImageObject","inLanguage":"de","@id":"https:\/\/aitsc.de\/blog\/wp-content\/uploads\/2023\/06\/cropped-new1686764432721.png","url":"https:\/\/aitsc.de\/blog\/wp-content\/uploads\/2023\/06\/cropped-new1686764432721.png","contentUrl":"https:\/\/aitsc.de\/blog\/wp-content\/uploads\/2023\/06\/cropped-new1686764432721.png","width":250,"height":250,"caption":"Uwe Ansmann"},"logo":{"@id":"https:\/\/aitsc.de\/blog\/wp-content\/uploads\/2023\/06\/cropped-new1686764432721.png"},"sameAs":["http:s\/\/www.aitsc.de\/blog","https:\/\/www.facebook.com\/uwe.ansmann","https:\/\/www.instagram.com\/uansmann\/?hl=de","https:\/\/www.linkedin.com\/in\/uweansmann\/","https:\/\/x.com\/UweAnsmann","https:\/\/www.youtube.com\/channel\/UC0kmi7VFQi3uSQ-GilFFHYQ"]}]}},"jetpack_publicize_connections":[],"jetpack_featured_media_url":"https:\/\/aitsc.de\/blog\/wp-content\/uploads\/2025\/01\/image-9.png","jetpack_sharing_enabled":true,"jetpack-related-posts":[{"id":17562,"url":"https:\/\/aitsc.de\/blog\/lets-meet-at-ise-2025-in-barcelona\/","url_meta":{"origin":17556,"position":0},"title":"Let\u00b4s meet at ISE 2025 in Barcelona ;-)","author":"Uwe Ansmann","date":"23\/01\/2025","format":false,"excerpt":"ISE 2025 is just around the corner, and I couldn\u2019t be more excited! From Tuesday, February 4, to Friday, February 7, I\u2019ll be in beautiful Barcelona, ready to connect, share insights, and explore the latest innovations in the industry. \ud83c\udf1fLet\u2019s make it happen - whether it's discussing the latest trends,\u2026","rel":"","context":"In &quot;Events and Speaker Sessions&quot;","block_context":{"text":"Events and Speaker Sessions","link":"https:\/\/aitsc.de\/blog\/category\/events-and-speaker-sessions\/"},"img":{"alt_text":"","src":"https:\/\/i0.wp.com\/aitsc.de\/blog\/wp-content\/uploads\/2025\/01\/image-10.png?resize=350%2C200&ssl=1","width":350,"height":200,"srcset":"https:\/\/i0.wp.com\/aitsc.de\/blog\/wp-content\/uploads\/2025\/01\/image-10.png?resize=350%2C200&ssl=1 1x, https:\/\/i0.wp.com\/aitsc.de\/blog\/wp-content\/uploads\/2025\/01\/image-10.png?resize=525%2C300&ssl=1 1.5x, https:\/\/i0.wp.com\/aitsc.de\/blog\/wp-content\/uploads\/2025\/01\/image-10.png?resize=700%2C400&ssl=1 2x"},"classes":[]},{"id":17834,"url":"https:\/\/aitsc.de\/blog\/framing-modi-stream-deck\/","url_meta":{"origin":17556,"position":1},"title":"Framing-Modi der Poly Studio per Stream Deck steuern &#8211; Proof of concept","author":"Uwe Ansmann","date":"12\/03\/2025","format":false,"excerpt":"Wer kennt es nicht? Man ist mitten in einer Demo, m\u00f6chte schnell zwischen den verschiedenen Framing-Modi wechseln \u2013 und muss daf\u00fcr umst\u00e4ndlich die WebUI oder Poly Lens aufrufen. Genau dieses Problem hat mich gest\u00f6rt, also habe ich f\u00fcr mich eine einfache L\u00f6sung entwickelt. Als Sales Engineers (SEs) sind wir oft\u2026","rel":"","context":"In &quot;Custom&quot;","block_context":{"text":"Custom","link":"https:\/\/aitsc.de\/blog\/category\/custom\/"},"img":{"alt_text":"","src":"https:\/\/i0.wp.com\/aitsc.de\/blog\/wp-content\/uploads\/2025\/03\/image-5.png?resize=350%2C200&ssl=1","width":350,"height":200,"srcset":"https:\/\/i0.wp.com\/aitsc.de\/blog\/wp-content\/uploads\/2025\/03\/image-5.png?resize=350%2C200&ssl=1 1x, https:\/\/i0.wp.com\/aitsc.de\/blog\/wp-content\/uploads\/2025\/03\/image-5.png?resize=525%2C300&ssl=1 1.5x, https:\/\/i0.wp.com\/aitsc.de\/blog\/wp-content\/uploads\/2025\/03\/image-5.png?resize=700%2C400&ssl=1 2x, https:\/\/i0.wp.com\/aitsc.de\/blog\/wp-content\/uploads\/2025\/03\/image-5.png?resize=1050%2C600&ssl=1 3x, https:\/\/i0.wp.com\/aitsc.de\/blog\/wp-content\/uploads\/2025\/03\/image-5.png?resize=1400%2C800&ssl=1 4x"},"classes":[]},{"id":5982,"url":"https:\/\/aitsc.de\/blog\/display-layout-optionen-im-zoom-mode-auf-studio-x-und-g7500\/","url_meta":{"origin":17556,"position":2},"title":"Display Layout Optionen im Zoom Mode auf Studio X und G7500","author":"Uwe Ansmann","date":"07\/06\/2021","format":false,"excerpt":"In diesem Post zeige ich Ihnen die Display Optionen (1 Display \/ 2 Displays mit und ohne Content) f\u00fcr die Poly Studio X Serie und die Poly G7500. Alle nachfolgenden Angaben beruhen auf dem Release 3.4. Mein Setup f\u00fcr diesen Post: Poly Studio X50 (RLS 3.4), 2 Displays und ein\u2026","rel":"","context":"In &quot;Display Layouts&quot;","block_context":{"text":"Display Layouts","link":"https:\/\/aitsc.de\/blog\/category\/features\/display-layouts\/"},"img":{"alt_text":"","src":"https:\/\/i0.wp.com\/aitsc.de\/blog\/wp-content\/uploads\/2021\/06\/blog-3.jpg?resize=350%2C200&ssl=1","width":350,"height":200,"srcset":"https:\/\/i0.wp.com\/aitsc.de\/blog\/wp-content\/uploads\/2021\/06\/blog-3.jpg?resize=350%2C200&ssl=1 1x, https:\/\/i0.wp.com\/aitsc.de\/blog\/wp-content\/uploads\/2021\/06\/blog-3.jpg?resize=525%2C300&ssl=1 1.5x, https:\/\/i0.wp.com\/aitsc.de\/blog\/wp-content\/uploads\/2021\/06\/blog-3.jpg?resize=700%2C400&ssl=1 2x"},"classes":[]},{"id":3408,"url":"https:\/\/aitsc.de\/blog\/whiteboarding-in-zoom-mit-der-g7500-studio-x\/","url_meta":{"origin":17556,"position":3},"title":"Whiteboarding in Zoom mit der G7500 \/ Studio X","author":"Uwe Ansmann","date":"27\/02\/2021","format":false,"excerpt":"In diesem Blog Beitrag schauen wir uns zusammen die Whiteboarding von G7500 \/ Studio X im nativen ZOOM Mode an. Im Folgenden werde ich die meisten Schritte direkt am Touchscreen meiner Studio X ausf\u00fchren, um Ihnen einen korrekten Eindruck des Feature Sets zu geben. Am Zoom PC Client kann die\u2026","rel":"","context":"In &quot;G7500&quot;","block_context":{"text":"G7500","link":"https:\/\/aitsc.de\/blog\/category\/g7500\/"},"img":{"alt_text":"","src":"https:\/\/i0.wp.com\/aitsc.de\/blog\/wp-content\/uploads\/2021\/02\/Blog-5.png?resize=350%2C200&ssl=1","width":350,"height":200,"srcset":"https:\/\/i0.wp.com\/aitsc.de\/blog\/wp-content\/uploads\/2021\/02\/Blog-5.png?resize=350%2C200&ssl=1 1x, https:\/\/i0.wp.com\/aitsc.de\/blog\/wp-content\/uploads\/2021\/02\/Blog-5.png?resize=525%2C300&ssl=1 1.5x, https:\/\/i0.wp.com\/aitsc.de\/blog\/wp-content\/uploads\/2021\/02\/Blog-5.png?resize=700%2C400&ssl=1 2x"},"classes":[]},{"id":17876,"url":"https:\/\/aitsc.de\/blog\/poly-features-explained-part-2\/","url_meta":{"origin":17556,"position":4},"title":"Poly features explained &#8211; Part 2","author":"Uwe Ansmann","date":"19\/03\/2025","format":false,"excerpt":"Nachfolgend findet Ihr die weiteren Videos aus unserer Session :-) https:\/\/youtu.be\/MjWhx3vhqYw?si=qIFjhGIYTNvbJqJC https:\/\/youtu.be\/Ov_xR54oTSA?si=9QOChHBAc4mvcE1v https:\/\/youtu.be\/d6Obt3v778c?si=NMxNrQV-MO2jU2Og","rel":"","context":"In &quot;Videos&quot;","block_context":{"text":"Videos","link":"https:\/\/aitsc.de\/blog\/category\/videos\/"},"img":{"alt_text":"","src":"https:\/\/i0.wp.com\/img.youtube.com\/vi\/MjWhx3vhqYw\/0.jpg?resize=350%2C200","width":350,"height":200},"classes":[]},{"id":8888,"url":"https:\/\/aitsc.de\/blog\/referenzaudio-fuer-die-poly-studio-e70-betrieb-an-einem-microsoft-teams-rooms-system\/","url_meta":{"origin":17556,"position":5},"title":"Referenzaudio f\u00fcr die Poly Studio E70 &#8211; Betrieb an einem Microsoft Teams Rooms System","author":"Uwe Ansmann","date":"15\/11\/2021","format":false,"excerpt":"In diesem Blog Post zeige ich Ihnen, wie Sie Ihre Poly Studio E70 an einem Microsoft Teams Room System mit Referenzaudio versehen. Viel Spass :-) \u00a0 Warum ben\u00f6tigen wir Referenz-Audio: Wie Sie sicherlich wissen, nutzt die Poly Studio E70 2 Faktoren um den aktiven Sprecher im Raum zu erkennen und\u2026","rel":"","context":"In &quot;Microsoft&quot;","block_context":{"text":"Microsoft","link":"https:\/\/aitsc.de\/blog\/category\/ecosystem\/microsoft\/"},"img":{"alt_text":"","src":"https:\/\/i0.wp.com\/aitsc.de\/blog\/wp-content\/uploads\/2021\/11\/Speaker1.jpg?resize=350%2C200&ssl=1","width":350,"height":200,"srcset":"https:\/\/i0.wp.com\/aitsc.de\/blog\/wp-content\/uploads\/2021\/11\/Speaker1.jpg?resize=350%2C200&ssl=1 1x, https:\/\/i0.wp.com\/aitsc.de\/blog\/wp-content\/uploads\/2021\/11\/Speaker1.jpg?resize=525%2C300&ssl=1 1.5x, https:\/\/i0.wp.com\/aitsc.de\/blog\/wp-content\/uploads\/2021\/11\/Speaker1.jpg?resize=700%2C400&ssl=1 2x"},"classes":[]}],"jetpack_likes_enabled":true,"post_mailing_queue_ids":[],"_links":{"self":[{"href":"https:\/\/aitsc.de\/blog\/wp-json\/wp\/v2\/posts\/17556","targetHints":{"allow":["GET"]}}],"collection":[{"href":"https:\/\/aitsc.de\/blog\/wp-json\/wp\/v2\/posts"}],"about":[{"href":"https:\/\/aitsc.de\/blog\/wp-json\/wp\/v2\/types\/post"}],"author":[{"embeddable":true,"href":"https:\/\/aitsc.de\/blog\/wp-json\/wp\/v2\/users\/1"}],"replies":[{"embeddable":true,"href":"https:\/\/aitsc.de\/blog\/wp-json\/wp\/v2\/comments?post=17556"}],"version-history":[{"count":3,"href":"https:\/\/aitsc.de\/blog\/wp-json\/wp\/v2\/posts\/17556\/revisions"}],"predecessor-version":[{"id":17560,"href":"https:\/\/aitsc.de\/blog\/wp-json\/wp\/v2\/posts\/17556\/revisions\/17560"}],"wp:featuredmedia":[{"embeddable":true,"href":"https:\/\/aitsc.de\/blog\/wp-json\/wp\/v2\/media\/17557"}],"wp:attachment":[{"href":"https:\/\/aitsc.de\/blog\/wp-json\/wp\/v2\/media?parent=17556"}],"wp:term":[{"taxonomy":"category","embeddable":true,"href":"https:\/\/aitsc.de\/blog\/wp-json\/wp\/v2\/categories?post=17556"},{"taxonomy":"post_tag","embeddable":true,"href":"https:\/\/aitsc.de\/blog\/wp-json\/wp\/v2\/tags?post=17556"}],"curies":[{"name":"wp","href":"https:\/\/api.w.org\/{rel}","templated":true}]}}